{"id":63,"date":"2016-08-19T13:39:17","date_gmt":"2016-08-19T10:39:17","guid":{"rendered":"http:\/\/bodhidharma.fi\/wp-wp\/?p=63"},"modified":"2025-11-04T10:34:03","modified_gmt":"2025-11-04T08:34:03","slug":"63","status":"publish","type":"post","link":"https:\/\/www.bodhidharma.fi\/63\/","title":{"rendered":"Dharmaopettajat ja meditaatio-ohjaaja"},"content":{"rendered":"<div id=\"m2819\" class=\"mail-message expanded\">\n<div class=\"mail-message-header spacer\">\n<p><strong style=\"font-size: 20px;\">Dharmaopettajat<\/strong><\/p>\n<\/div>\n<div class=\"mail-message-content collapsible zoom-normal mail-show-images \">\n<div dir=\"ltr\">\n<div class=\"gmail_default\">\n<div><span style=\"font-size: large;\">Maallikko-dharmaopettajia, jotka on valtuutettu ohjaamaan bodhidharmalaista\u00a0harjoitusta, ovat<\/span><\/div>\n<div><span style=\"font-size: large;\">(suluissa Taehye sunimilta\u00a0<span style=\"color: #000000;\">saadun<\/span> valtuutuksen p\u00e4iv\u00e4m\u00e4\u00e4r\u00e4):\u00a0<\/span><\/div>\n<div><span style=\"font-size: large;\">\u00a0<\/span><\/div>\n<div>\n<p lang=\"fi-FI\"><span style=\"color: #000000;\"><span style=\"font-family: arial, helvetica, sans-serif;\">Arja <span lang=\"lv-LV\">\u0100<\/span><span lang=\"lv-LV\">ryat<\/span><span lang=\"lv-LV\">\u0101<\/span><span lang=\"lv-LV\">r<\/span><span lang=\"lv-LV\">\u0101<\/span> Sihvola 24.8.2014\/2558<br \/>Mikko Vimalamitra Koponen 24.8.2014\/2558<br \/>Ari <span lang=\"lv-LV\">\u0100<\/span>ryamitra Vuokko 6.8.2022\/2566<br \/>Ari-pekka Aruna Skarp 6.8.2022\/2566<br \/>Emilia <span lang=\"lv-LV\">Amal<\/span><span lang=\"lv-LV\">\u0101<\/span> Raunio 6.8.2022\/2566<br \/>Johannes S\u016bryamitra\u00a0 Cairns 6.8.2022\/2566<br \/>Juha Vajramitra Lamminaho 6.8.2022\/2566<br \/><span style=\"color: #000000;\">Karri Kantiko Korppi<\/span>\u00a0<\/span>6.8.2022\/2566<\/span><\/p>\n<\/div>\n<p style=\"text-align: justify;\"><em><strong>Aryatara (Arja Sihvola)<\/strong><\/em><\/p>\n<\/div>\n<p style=\"text-align: justify;\" align=\"justify\">Koska en tuntenut mit\u00e4\u00e4n ryhmi\u00e4 Suomessa, tutustuin buddhalaisuuteen aluksi (joskus 80-luvun lopulla) kirjojen kautta. Vuonna 1998 matkustin retriitille Luumukyl\u00e4\u00e4n (Plum Village), zenmestari Thich Nhat Hanhin perustamaan luostariin ja retriittikeskukseen, joka sijaitsee Lounais-Ranskassa.\u00a0 Sitouduin\u00a0 viiteen harjoitusohjeeseen ja my\u00f6hemmin\u00a0 my\u00f6s 14 harjoitusohjeeseen ja liityin samalla Order of Interbeingin j\u00e4seneksi.\u00a0 Arvokasta opetusta olen saanut \u2013 zenmestari Thich Nhat Hanhin lis\u00e4ksi \u2013 nunna Ani Sherabilta V\u00e4n\u00f6n tapaamisissa, Sisar Thieu Nghiemilt\u00e4 Valkoinen Lumme \u2013ryhm\u00e4n retriiteill\u00e4 ja tilaisuuksissa sek\u00e4 Tae Hye sunimilt\u00e4 sek\u00e4 retriiteill\u00e4 Suomessa ett\u00e4 Musang Am \u2013luostarissa Italiassa.\u00a0 T\u00e4rke\u00e4n\u00e4 tukena ja kouluttajanani ovat olleet my\u00f6s\u00a0 monet muut ihmiset, sisaret ja veljet, joiden kanssa olen saanut ilon istua hiljaa.<\/p>\n<div class=\"gmail_default\">\n<p><strong><em>Vimalamitra (Mikko Koponen)<\/em><\/strong><\/p>\n<p align=\"justify\">Yhdistyksess\u00e4 toiminta oli 2000-luvun alussa v\u00e4h\u00e4ist\u00e4 ja aloittaessani s\u00e4\u00e4nn\u00f6llisen mietiskelytoiminnan se toi ihmisi\u00e4 my\u00f6s yhdistykseen ja uusi toiminnan aika alkoi. Kiertelev\u00e4\u00e4 el\u00e4m\u00e4\u00e4 viett\u00e4nyt yhdistys on nyt vakiintunut Vetehisenkujalle Sampo Keskukseen ja mietiskelymahdollisuudet sek\u00e4 hyvi\u00e4 motivoituneita ohjaajia on tullut lis\u00e4\u00e4. Opetan kaikille halukkaille perusmietiskelyn menetelmi\u00e4 ja toivon my\u00f6s osallistujien l\u00f6yt\u00e4v\u00e4n Buddhan Dharman ja viisaan el\u00e4m\u00e4ntavan pariin. Vuodesta 2015 olen ohjannut zen-valokuvauskursseja- ja retki\u00e4 l\u00e4hiluontoon.<\/p>\n<p align=\"justify\"><strong>Mietiskelyohjaajat<\/strong><\/p>\n<p style=\"margin: 0in; font-family: Calibri; font-size: 11.0pt;\"><span style=\"font-family: arial, helvetica, sans-serif; font-size: 12pt;\">P\u016brnamitra\u00a0 (Jarkko Jokinen)<br \/>Vasumitra\u00a0 \u00a0(Jaakko Lahti)<\/span><\/p>\n<p><span style=\"font-size: 12pt;\">\u00a0<\/span><\/p>\n<p align=\"justify\">\u00a0<\/p>\n<\/div>\n<\/div>\n<\/div>\n<\/div>\n\n\n<p><\/p>\n","protected":false},"excerpt":{"rendered":"<p>Dharmaopettajat Maallikko-dharmaopettajia, jotka on valtuutettu ohjaamaan bodhidharmalaista\u00a0harjoitusta, ovat (suluissa Taehye sunimilta\u00a0saadun valtuutuksen p\u00e4iv\u00e4m\u00e4\u00e4r\u00e4):\u00a0 \u00a0 Arja \u0100ryat\u0101r\u0101 Sihvola 24.8.2014\/2558Mikko Vimalamitra Koponen 24.8.2014\/2558Ari \u0100ryamitra Vuokko 6.8.2022\/2566Ari-pekka Aruna Skarp 6.8.2022\/2566Emilia Amal\u0101 Raunio 6.8.2022\/2566Johannes <a class=\"more-link\" href=\"https:\/\/www.bodhidharma.fi\/63\/\">Lue lis\u00e4\u00e4 \u2192<\/a><\/p>\n","protected":false},"author":7,"featured_media":0,"comment_status":"closed","ping_status":"closed","sticky":false,"template":"","format":"standard","meta":{"footnotes":""},"categories":[3],"tags":[],"class_list":["post-63","post","type-post","status-publish","format-standard","hentry","category-yhdistys"],"_links":{"self":[{"href":"https:\/\/www.bodhidharma.fi\/wp-json\/wp\/v2\/posts\/63","targetHints":{"allow":["GET"]}}],"collection":[{"href":"https:\/\/www.bodhidharma.fi\/wp-json\/wp\/v2\/posts"}],"about":[{"href":"https:\/\/www.bodhidharma.fi\/wp-json\/wp\/v2\/types\/post"}],"author":[{"embeddable":true,"href":"https:\/\/www.bodhidharma.fi\/wp-json\/wp\/v2\/users\/7"}],"replies":[{"embeddable":true,"href":"https:\/\/www.bodhidharma.fi\/wp-json\/wp\/v2\/comments?post=63"}],"version-history":[{"count":35,"href":"https:\/\/www.bodhidharma.fi\/wp-json\/wp\/v2\/posts\/63\/revisions"}],"predecessor-version":[{"id":6478,"href":"https:\/\/www.bodhidharma.fi\/wp-json\/wp\/v2\/posts\/63\/revisions\/6478"}],"wp:attachment":[{"href":"https:\/\/www.bodhidharma.fi\/wp-json\/wp\/v2\/media?parent=63"}],"wp:term":[{"taxonomy":"category","embeddable":true,"href":"https:\/\/www.bodhidharma.fi\/wp-json\/wp\/v2\/categories?post=63"},{"taxonomy":"post_tag","embeddable":true,"href":"https:\/\/www.bodhidharma.fi\/wp-json\/wp\/v2\/tags?post=63"}],"curies":[{"name":"wp","href":"https:\/\/api.w.org\/{rel}","templated":true}]}}