{"id":1356,"date":"2018-05-31T20:30:03","date_gmt":"2018-05-31T17:30:03","guid":{"rendered":"http:\/\/www.bodhidharma.fi\/?p=1356"},"modified":"2018-05-30T20:37:18","modified_gmt":"2018-05-30T17:37:18","slug":"jasenkirje-4-2018","status":"publish","type":"post","link":"https:\/\/www.bodhidharma.fi\/jasenkirje-4-2018\/","title":{"rendered":"J\u00e4senkirje 4\/2018"},"content":{"rendered":"<h1><b><span style=\"font-size: large;\"><img loading=\"lazy\" decoding=\"async\" class=\"alignleft size-full wp-image-459\" src=\"http:\/\/www.bodhidharma.fi\/wp-content\/uploads\/2016\/09\/Kyn\u00e4-e1499106920835.png\" alt=\"\" width=\"180\" height=\"255\" \/>Kes\u00e4viesti sinulle, Bodhidharma ry:n j\u00e4sen!<\/span><\/b><\/h1>\n<div><span style=\"font-size: small;\">Istuma- ja k\u00e4velymeditaatioharjoitukset Sampo-keskuksessa jatkuvat 8.7. asti<br \/>\nseuraavasti:<br \/>\ntorstaisin klo 18<br \/>\nperjantaisin klo 10<br \/>\nsunnuntaisin klo 17<br \/>\n<b>Kes\u00e4tauko on 9.-25.7.<\/b><\/span><b><span style=\"font-size: large;\"><br \/>\n<\/span><\/b><\/div>\n<div><b><span style=\"font-size: large;\">\u00a0<\/span><\/b><\/div>\n<h1><b><span style=\"font-size: large;\">P\u00e4iv\u00e4retriitti 3.6. Sampokeskuksessa klo 10-19<br \/>\n<\/span><\/b><\/h1>\n<div><span style=\"font-size: small;\">P\u00e4iv\u00e4retriitin ohjelmassa on tuttuun tapaan istuma- ja k\u00e4velymeditaatiota. Jaksojen<br \/>\npituudet vaihtelevat 15 \u2013 30 minuuttiin. Jos s\u00e4\u00e4 on kaunis, k\u00e4velymeditaatio tehd\u00e4\u00e4n<br \/>\nomatahtisesti l\u00e4heisess\u00e4 puistossa. Valojoogan sijasta teemme \u201dNelj\u00e4n liikkeen<br \/>\nhiljaista meditaatiota\u201d ja rentoutusharjoituksen.<\/span><\/div>\n<div><\/div>\n<div><span style=\"font-size: small;\">Taukojen aikana on tarjolla teet\u00e4 ja pient\u00e4 purtavaa. Halutessaan voi ottaa mukaan<br \/>\nev\u00e4\u00e4t. Mukaan retriitille voi tulla joko aamusta koko p\u00e4iv\u00e4ksi tai osaksi aikaa. Tauot,<br \/>\njolloin voi tulla\/l\u00e4hte\u00e4 ovat 12.15 \u2013 13.15, 15 \u2013 15.30 ja 16.30 \u2013 17. Klo 17-19 on<br \/>\nnormaali sunnuntaimeditaatio lyhyine alkuseremonioineen sek\u00e4 istuma- ja<br \/>\nk\u00e4velymeditaatiojaksoineen.<br \/>\n<\/span><\/div>\n<h1><span style=\"font-size: small;\">\u00a0<\/span><\/h1>\n<h1><span style=\"font-size: small;\"><span style=\"font-size: large;\">Ven. Jampa Lungtogin opetustilaisuus<\/span> <b><span style=\"font-size: large;\">sunnuntaina 8.7.<\/span><\/b> <b><span style=\"font-size: large;\">klo 17-19<\/span><\/b><br \/>\n<\/span><\/h1>\n<div><span style=\"font-size: small;\">It\u00e4vallan kuuluisin buddhalaismunkki, tiibetinbuddhalaisen Gelug-perinteeseen kuuluva\u00a0 kunnianarvoisa munkki Jampa Lungtog (Helmut Gassner) on j\u00e4lleen vieraanamme Sampokeskuksessa. Meditaation j\u00e4lkeen h\u00e4n puhuu aiheesta\u00a0<strong>\u201dBhavana, the nature of meditation\u201d<\/strong>.<br \/>\n<\/span><\/div>\n<div><span style=\"font-size: small;\">\u00a0<\/span><\/div>\n<h1><span style=\"font-size: small;\"><b><span style=\"font-size: large;\">Kunnianarvoisa Taehye sunim tulee j\u00e4lleen Suomeen!<\/span><\/b><br \/>\n<\/span><\/h1>\n<div><span style=\"font-size: small;\">Kun opettajamme, munkki Taehye sunim tulee Suomeen hein\u00e4kuun lopulla, h\u00e4n<br \/>\nohjaa harjoitukset ja pit\u00e4\u00e4 opetuspuheita. Puheiden aiheet ovat:<\/span><\/div>\n<div><span style=\"font-size: small;\">to 26.7. Henkinen yhteis\u00f6<br \/>\nsu 29.7. 84 tuhatta tapaa harjoittaa Dharmaa<br \/>\nto 9.8. Mantra ja meditaatio<br \/>\n<\/span><\/div>\n<div><span style=\"font-size: small;\">\u00a0<\/span><\/div>\n<h1><span style=\"font-size: small;\"><b><span style=\"font-size: large;\">Viel\u00e4 ehdit mukaan retriitille Lammille 1.\u2013 5.8.18.<\/span><\/b><br \/>\n<\/span><\/h1>\n<div><span style=\"font-size: small;\">Ohjaajana suomalainen munkki Taehye sunim avustajanaan italialainen munkki<br \/>\nKusalananda. Ilmoittautumiset osoitteeseen <a href=\"mailto:ry.bodhidharma@gmail.com\" target=\"_blank\" rel=\"noopener\">ry.bodhidharma@gmail.com<\/a>.<br \/>\nOsallistumismaksu suoritetaan viimeist\u00e4\u00e4n 25.7. tilille FI6420011800120803,<br \/>\nviitenumero 2260, saaja Bodhidharma ry, viestikentt\u00e4\u00e4n ei merkint\u00f6j\u00e4. Lis\u00e4tietoja<br \/>\nsivuiltamme <a href=\"http:\/\/www.bodhidharma.fi\/?event=kesaretriitti-2018\">bodhidharma.fi<\/a>.<br \/>\n<\/span><\/div>\n<div><span style=\"font-size: small;\">\u00a0<\/span><\/div>\n<div><span style=\"font-size: small;\"><i><span style=\"font-size: large;\">L\u00e4mpim\u00e4sti tervetuloa yhteiseen harjoittamiseen!<\/span><\/i><\/span><\/div>\n","protected":false},"excerpt":{"rendered":"<p>Kes\u00e4viesti sinulle, Bodhidharma ry:n j\u00e4sen! Istuma- ja k\u00e4velymeditaatioharjoitukset Sampo-keskuksessa jatkuvat 8.7. asti seuraavasti: torstaisin klo 18 perjantaisin klo 10 sunnuntaisin klo 17 Kes\u00e4tauko on 9.-25.7. \u00a0 P\u00e4iv\u00e4retriitti 3.6. Sampokeskuksessa klo <a class=\"more-link\" href=\"https:\/\/www.bodhidharma.fi\/jasenkirje-4-2018\/\">Lue lis\u00e4\u00e4 \u2192<\/a><\/p>\n","protected":false},"author":2,"featured_media":0,"comment_status":"closed","ping_status":"closed","sticky":false,"template":"","format":"standard","meta":{"footnotes":""},"categories":[25],"tags":[],"class_list":["post-1356","post","type-post","status-publish","format-standard","hentry","category-jasentiedotteet"],"_links":{"self":[{"href":"https:\/\/www.bodhidharma.fi\/wp-json\/wp\/v2\/posts\/1356","targetHints":{"allow":["GET"]}}],"collection":[{"href":"https:\/\/www.bodhidharma.fi\/wp-json\/wp\/v2\/posts"}],"about":[{"href":"https:\/\/www.bodhidharma.fi\/wp-json\/wp\/v2\/types\/post"}],"author":[{"embeddable":true,"href":"https:\/\/www.bodhidharma.fi\/wp-json\/wp\/v2\/users\/2"}],"replies":[{"embeddable":true,"href":"https:\/\/www.bodhidharma.fi\/wp-json\/wp\/v2\/comments?post=1356"}],"version-history":[{"count":3,"href":"https:\/\/www.bodhidharma.fi\/wp-json\/wp\/v2\/posts\/1356\/revisions"}],"predecessor-version":[{"id":1360,"href":"https:\/\/www.bodhidharma.fi\/wp-json\/wp\/v2\/posts\/1356\/revisions\/1360"}],"wp:attachment":[{"href":"https:\/\/www.bodhidharma.fi\/wp-json\/wp\/v2\/media?parent=1356"}],"wp:term":[{"taxonomy":"category","embeddable":true,"href":"https:\/\/www.bodhidharma.fi\/wp-json\/wp\/v2\/categories?post=1356"},{"taxonomy":"post_tag","embeddable":true,"href":"https:\/\/www.bodhidharma.fi\/wp-json\/wp\/v2\/tags?post=1356"}],"curies":[{"name":"wp","href":"https:\/\/api.w.org\/{rel}","templated":true}]}}